{"id":527,"date":"2025-08-10T09:00:02","date_gmt":"2025-08-10T07:00:02","guid":{"rendered":"https:\/\/lesgardiensdelasgleizes.fr\/?p=527"},"modified":"2026-04-23T11:19:13","modified_gmt":"2026-04-23T09:19:13","slug":"vide-grenier-07-09-2025","status":"publish","type":"post","link":"https:\/\/lesgardiensdelasgleizes.fr\/?p=527","title":{"rendered":"Vide Grenier &#8211; Report\u00e9 au printemps 2026 &#8211; Plus d&rsquo;informations \u00e0 venir"},"content":{"rendered":"\n<p>Vide grenier organis\u00e9 par les Gardiens de las Gleizes conjointement avec V\u00e8bre Chemins Faisant.<\/p>\n\n\n\n<p>Date \u00e0 confirmer : le dimanche 26 avril 2026 \u00e0 Bouan.<\/p>\n\n\n\n<figure class=\"wp-block-gallery has-nested-images columns-default is-cropped wp-block-gallery-1 is-layout-flex wp-block-gallery-is-layout-flex\">\n<figure class=\"wp-block-image size-large\"><img loading=\"lazy\" decoding=\"async\" width=\"1024\" height=\"1014\" data-id=\"538\" src=\"https:\/\/lesgardiensdelasgleizes.fr\/wp-content\/uploads\/2025\/08\/Vide-grenier-2026-v4-1024x1014.jpg\" alt=\"\" class=\"wp-image-538\" srcset=\"https:\/\/lesgardiensdelasgleizes.fr\/wp-content\/uploads\/2025\/08\/Vide-grenier-2026-v4-1024x1014.jpg 1024w, https:\/\/lesgardiensdelasgleizes.fr\/wp-content\/uploads\/2025\/08\/Vide-grenier-2026-v4-300x297.jpg 300w, https:\/\/lesgardiensdelasgleizes.fr\/wp-content\/uploads\/2025\/08\/Vide-grenier-2026-v4-150x150.jpg 150w, https:\/\/lesgardiensdelasgleizes.fr\/wp-content\/uploads\/2025\/08\/Vide-grenier-2026-v4-768x760.jpg 768w, https:\/\/lesgardiensdelasgleizes.fr\/wp-content\/uploads\/2025\/08\/Vide-grenier-2026-v4-303x300.jpg 303w, https:\/\/lesgardiensdelasgleizes.fr\/wp-content\/uploads\/2025\/08\/Vide-grenier-2026-v4.jpg 1200w\" sizes=\"auto, (max-width: 1024px) 100vw, 1024px\" \/><\/figure>\n<\/figure>\n","protected":false},"excerpt":{"rendered":"<p>Vide grenier organis\u00e9 par les Gardiens de las Gleizes conjointement avec V\u00e8bre Chemins Faisant. Date \u00e0 confirmer : le dimanche 26 avril 2026 \u00e0 Bouan.<\/p>\n","protected":false},"author":1,"featured_media":538,"comment_status":"closed","ping_status":"closed","sticky":false,"template":"","format":"standard","meta":{"footnotes":""},"categories":[5],"tags":[],"class_list":["post-527","post","type-post","status-publish","format-standard","has-post-thumbnail","hentry","category-animations"],"yoast_head":"<!-- This site is optimized with the Yoast SEO plugin v17.2 - https:\/\/yoast.com\/wordpress\/plugins\/seo\/ -->\n<title>Vide Grenier - Report\u00e9 au printemps 2026 - Plus d&#039;informations \u00e0 venir - Les Gardiens de las Gleizes - Spoulgas de Bouan<\/title>\n<meta name=\"robots\" content=\"index, follow, max-snippet:-1, max-image-preview:large, max-video-preview:-1\" \/>\n<link rel=\"canonical\" href=\"https:\/\/lesgardiensdelasgleizes.fr\/?p=527\" \/>\n<meta property=\"og:locale\" content=\"fr_FR\" \/>\n<meta property=\"og:type\" content=\"article\" \/>\n<meta property=\"og:title\" content=\"Vide Grenier - Report\u00e9 au printemps 2026 - Plus d&#039;informations \u00e0 venir - Les Gardiens de las Gleizes - Spoulgas de Bouan\" \/>\n<meta property=\"og:description\" content=\"Vide grenier organis\u00e9 par les Gardiens de las Gleizes conjointement avec V\u00e8bre Chemins Faisant. Date \u00e0 confirmer : le dimanche 26 avril 2026 \u00e0 Bouan.\" \/>\n<meta property=\"og:url\" content=\"https:\/\/lesgardiensdelasgleizes.fr\/?p=527\" \/>\n<meta property=\"og:site_name\" content=\"Les Gardiens de las Gleizes - Spoulgas de Bouan\" \/>\n<meta property=\"article:published_time\" content=\"2025-08-10T07:00:02+00:00\" \/>\n<meta property=\"article:modified_time\" content=\"2026-04-23T09:19:13+00:00\" \/>\n<meta property=\"og:image\" content=\"https:\/\/lesgardiensdelasgleizes.fr\/wp-content\/uploads\/2025\/08\/Vide-grenier-2026-v4.jpg\" \/>\n\t<meta property=\"og:image:width\" content=\"1200\" \/>\n\t<meta property=\"og:image:height\" content=\"1188\" \/>\n<meta name=\"twitter:card\" content=\"summary_large_image\" \/>\n<meta name=\"twitter:label1\" content=\"\u00c9crit par\" \/>\n\t<meta name=\"twitter:data1\" content=\"admin4972\" \/>\n<script type=\"application\/ld+json\" class=\"yoast-schema-graph\">{\"@context\":\"https:\/\/schema.org\",\"@graph\":[{\"@type\":\"WebSite\",\"@id\":\"https:\/\/lesgardiensdelasgleizes.fr\/#website\",\"url\":\"https:\/\/lesgardiensdelasgleizes.fr\/\",\"name\":\"Les Gardiens de las Gleizes - Spoulgas de Bouan\",\"description\":\"Association des Gardiens de las Gleizes - Spoulgas de Bouan - 09310 Bouan - Ari\\u00e8ge\",\"potentialAction\":[{\"@type\":\"SearchAction\",\"target\":{\"@type\":\"EntryPoint\",\"urlTemplate\":\"https:\/\/lesgardiensdelasgleizes.fr\/?s={search_term_string}\"},\"query-input\":\"required name=search_term_string\"}],\"inLanguage\":\"fr-FR\"},{\"@type\":\"ImageObject\",\"@id\":\"https:\/\/lesgardiensdelasgleizes.fr\/?p=527#primaryimage\",\"inLanguage\":\"fr-FR\",\"url\":\"https:\/\/lesgardiensdelasgleizes.fr\/wp-content\/uploads\/2025\/08\/Vide-grenier-2026-v4.jpg\",\"contentUrl\":\"https:\/\/lesgardiensdelasgleizes.fr\/wp-content\/uploads\/2025\/08\/Vide-grenier-2026-v4.jpg\",\"width\":1200,\"height\":1188},{\"@type\":\"WebPage\",\"@id\":\"https:\/\/lesgardiensdelasgleizes.fr\/?p=527#webpage\",\"url\":\"https:\/\/lesgardiensdelasgleizes.fr\/?p=527\",\"name\":\"Vide Grenier - Report\\u00e9 au printemps 2026 - Plus d'informations \\u00e0 venir - Les Gardiens de las Gleizes - Spoulgas de Bouan\",\"isPartOf\":{\"@id\":\"https:\/\/lesgardiensdelasgleizes.fr\/#website\"},\"primaryImageOfPage\":{\"@id\":\"https:\/\/lesgardiensdelasgleizes.fr\/?p=527#primaryimage\"},\"datePublished\":\"2025-08-10T07:00:02+00:00\",\"dateModified\":\"2026-04-23T09:19:13+00:00\",\"author\":{\"@id\":\"https:\/\/lesgardiensdelasgleizes.fr\/#\/schema\/person\/2976141536e006d29dd800c3fdc6dafe\"},\"breadcrumb\":{\"@id\":\"https:\/\/lesgardiensdelasgleizes.fr\/?p=527#breadcrumb\"},\"inLanguage\":\"fr-FR\",\"potentialAction\":[{\"@type\":\"ReadAction\",\"target\":[\"https:\/\/lesgardiensdelasgleizes.fr\/?p=527\"]}]},{\"@type\":\"BreadcrumbList\",\"@id\":\"https:\/\/lesgardiensdelasgleizes.fr\/?p=527#breadcrumb\",\"itemListElement\":[{\"@type\":\"ListItem\",\"position\":1,\"name\":\"Accueil\",\"item\":\"https:\/\/lesgardiensdelasgleizes.fr\/\"},{\"@type\":\"ListItem\",\"position\":2,\"name\":\"Vide Grenier &#8211; Report\\u00e9 au printemps 2026 &#8211; Plus d&rsquo;informations \\u00e0 venir\"}]},{\"@type\":\"Person\",\"@id\":\"https:\/\/lesgardiensdelasgleizes.fr\/#\/schema\/person\/2976141536e006d29dd800c3fdc6dafe\",\"name\":\"admin4972\",\"image\":{\"@type\":\"ImageObject\",\"@id\":\"https:\/\/lesgardiensdelasgleizes.fr\/#personlogo\",\"inLanguage\":\"fr-FR\",\"url\":\"https:\/\/secure.gravatar.com\/avatar\/d45a3650b408387b67e9caab7d3969e1c9bee346aca3f15d43ce6978dd03c7a4?s=96&d=mm&r=g\",\"contentUrl\":\"https:\/\/secure.gravatar.com\/avatar\/d45a3650b408387b67e9caab7d3969e1c9bee346aca3f15d43ce6978dd03c7a4?s=96&d=mm&r=g\",\"caption\":\"admin4972\"},\"url\":\"https:\/\/lesgardiensdelasgleizes.fr\/?author=1\"}]}<\/script>\n<!-- \/ Yoast SEO plugin. -->","yoast_head_json":{"title":"Vide Grenier - Report\u00e9 au printemps 2026 - Plus d'informations \u00e0 venir - Les Gardiens de las Gleizes - Spoulgas de Bouan","robots":{"index":"index","follow":"follow","max-snippet":"max-snippet:-1","max-image-preview":"max-image-preview:large","max-video-preview":"max-video-preview:-1"},"canonical":"https:\/\/lesgardiensdelasgleizes.fr\/?p=527","og_locale":"fr_FR","og_type":"article","og_title":"Vide Grenier - Report\u00e9 au printemps 2026 - Plus d'informations \u00e0 venir - Les Gardiens de las Gleizes - Spoulgas de Bouan","og_description":"Vide grenier organis\u00e9 par les Gardiens de las Gleizes conjointement avec V\u00e8bre Chemins Faisant. Date \u00e0 confirmer : le dimanche 26 avril 2026 \u00e0 Bouan.","og_url":"https:\/\/lesgardiensdelasgleizes.fr\/?p=527","og_site_name":"Les Gardiens de las Gleizes - Spoulgas de Bouan","article_published_time":"2025-08-10T07:00:02+00:00","article_modified_time":"2026-04-23T09:19:13+00:00","og_image":[{"width":1200,"height":1188,"filesize":509076,"url":"https:\/\/lesgardiensdelasgleizes.fr\/wp-content\/uploads\/2025\/08\/Vide-grenier-2026-v4.jpg","path":"\/home\/lesgardiiq\/www\/wp-content\/uploads\/2025\/08\/Vide-grenier-2026-v4.jpg","size":"full","id":538,"alt":"","pixels":1425600,"type":"image\/jpeg"}],"twitter_card":"summary_large_image","twitter_misc":{"\u00c9crit par":"admin4972"},"schema":{"@context":"https:\/\/schema.org","@graph":[{"@type":"WebSite","@id":"https:\/\/lesgardiensdelasgleizes.fr\/#website","url":"https:\/\/lesgardiensdelasgleizes.fr\/","name":"Les Gardiens de las Gleizes - Spoulgas de Bouan","description":"Association des Gardiens de las Gleizes - Spoulgas de Bouan - 09310 Bouan - Ari\u00e8ge","potentialAction":[{"@type":"SearchAction","target":{"@type":"EntryPoint","urlTemplate":"https:\/\/lesgardiensdelasgleizes.fr\/?s={search_term_string}"},"query-input":"required name=search_term_string"}],"inLanguage":"fr-FR"},{"@type":"ImageObject","@id":"https:\/\/lesgardiensdelasgleizes.fr\/?p=527#primaryimage","inLanguage":"fr-FR","url":"https:\/\/lesgardiensdelasgleizes.fr\/wp-content\/uploads\/2025\/08\/Vide-grenier-2026-v4.jpg","contentUrl":"https:\/\/lesgardiensdelasgleizes.fr\/wp-content\/uploads\/2025\/08\/Vide-grenier-2026-v4.jpg","width":1200,"height":1188},{"@type":"WebPage","@id":"https:\/\/lesgardiensdelasgleizes.fr\/?p=527#webpage","url":"https:\/\/lesgardiensdelasgleizes.fr\/?p=527","name":"Vide Grenier - Report\u00e9 au printemps 2026 - Plus d'informations \u00e0 venir - Les Gardiens de las Gleizes - Spoulgas de Bouan","isPartOf":{"@id":"https:\/\/lesgardiensdelasgleizes.fr\/#website"},"primaryImageOfPage":{"@id":"https:\/\/lesgardiensdelasgleizes.fr\/?p=527#primaryimage"},"datePublished":"2025-08-10T07:00:02+00:00","dateModified":"2026-04-23T09:19:13+00:00","author":{"@id":"https:\/\/lesgardiensdelasgleizes.fr\/#\/schema\/person\/2976141536e006d29dd800c3fdc6dafe"},"breadcrumb":{"@id":"https:\/\/lesgardiensdelasgleizes.fr\/?p=527#breadcrumb"},"inLanguage":"fr-FR","potentialAction":[{"@type":"ReadAction","target":["https:\/\/lesgardiensdelasgleizes.fr\/?p=527"]}]},{"@type":"BreadcrumbList","@id":"https:\/\/lesgardiensdelasgleizes.fr\/?p=527#breadcrumb","itemListElement":[{"@type":"ListItem","position":1,"name":"Accueil","item":"https:\/\/lesgardiensdelasgleizes.fr\/"},{"@type":"ListItem","position":2,"name":"Vide Grenier &#8211; Report\u00e9 au printemps 2026 &#8211; Plus d&rsquo;informations \u00e0 venir"}]},{"@type":"Person","@id":"https:\/\/lesgardiensdelasgleizes.fr\/#\/schema\/person\/2976141536e006d29dd800c3fdc6dafe","name":"admin4972","image":{"@type":"ImageObject","@id":"https:\/\/lesgardiensdelasgleizes.fr\/#personlogo","inLanguage":"fr-FR","url":"https:\/\/secure.gravatar.com\/avatar\/d45a3650b408387b67e9caab7d3969e1c9bee346aca3f15d43ce6978dd03c7a4?s=96&d=mm&r=g","contentUrl":"https:\/\/secure.gravatar.com\/avatar\/d45a3650b408387b67e9caab7d3969e1c9bee346aca3f15d43ce6978dd03c7a4?s=96&d=mm&r=g","caption":"admin4972"},"url":"https:\/\/lesgardiensdelasgleizes.fr\/?author=1"}]}},"_links":{"self":[{"href":"https:\/\/lesgardiensdelasgleizes.fr\/index.php?rest_route=\/wp\/v2\/posts\/527","targetHints":{"allow":["GET"]}}],"collection":[{"href":"https:\/\/lesgardiensdelasgleizes.fr\/index.php?rest_route=\/wp\/v2\/posts"}],"about":[{"href":"https:\/\/lesgardiensdelasgleizes.fr\/index.php?rest_route=\/wp\/v2\/types\/post"}],"author":[{"embeddable":true,"href":"https:\/\/lesgardiensdelasgleizes.fr\/index.php?rest_route=\/wp\/v2\/users\/1"}],"replies":[{"embeddable":true,"href":"https:\/\/lesgardiensdelasgleizes.fr\/index.php?rest_route=%2Fwp%2Fv2%2Fcomments&post=527"}],"version-history":[{"count":5,"href":"https:\/\/lesgardiensdelasgleizes.fr\/index.php?rest_route=\/wp\/v2\/posts\/527\/revisions"}],"predecessor-version":[{"id":542,"href":"https:\/\/lesgardiensdelasgleizes.fr\/index.php?rest_route=\/wp\/v2\/posts\/527\/revisions\/542"}],"wp:featuredmedia":[{"embeddable":true,"href":"https:\/\/lesgardiensdelasgleizes.fr\/index.php?rest_route=\/wp\/v2\/media\/538"}],"wp:attachment":[{"href":"https:\/\/lesgardiensdelasgleizes.fr\/index.php?rest_route=%2Fwp%2Fv2%2Fmedia&parent=527"}],"wp:term":[{"taxonomy":"category","embeddable":true,"href":"https:\/\/lesgardiensdelasgleizes.fr\/index.php?rest_route=%2Fwp%2Fv2%2Fcategories&post=527"},{"taxonomy":"post_tag","embeddable":true,"href":"https:\/\/lesgardiensdelasgleizes.fr\/index.php?rest_route=%2Fwp%2Fv2%2Ftags&post=527"}],"curies":[{"name":"wp","href":"https:\/\/api.w.org\/{rel}","templated":true}]}}